{"id":10382,"date":"2019-03-19T20:13:03","date_gmt":"2019-03-19T20:13:03","guid":{"rendered":"https:\/\/www.masrodo.com\/\/mas-rodo-reserva-de-la-propiedad-brilla-en-mundus-vini-2019\/"},"modified":"2019-08-20T12:11:25","modified_gmt":"2019-08-20T12:11:25","slug":"mas-rodo-reserva-de-la-propiedad-brilla-en-mundus-vini-2019","status":"publish","type":"post","link":"https:\/\/www.masrodo.com\/ca\/mas-rodo-reserva-de-la-propiedad-brilla-en-mundus-vini-2019\/","title":{"rendered":"Mas Rod\u00f3 Reserva de la Propietat brilla en Mundus Vini 2019"},"content":{"rendered":"\n<p>El vi Mas Rod\u00f3 Reserva de la Propietat 2010 va obtenir una de les medalles d&#8217;or atorgades pel jurat de Mundus Vini en el tast de primavera 2019. Durant 6 dies de febrer, m\u00e9s de 200 experts de 50 pa\u00efsos han valorat m\u00e9s de 7.200 vins procedents de les principals regions vitivin\u00edcoles del m\u00f3n.<\/p>\n\n\n<p><!--more--><\/p>\n\n\n<p>Mas Rod\u00f3 Reserva de la Propietat s&#8217;elabora amb ra\u00efms seleccionats de Cabernet Sauvigon procedents de la finca Mas Rod\u00f3. Amb fermentaci\u00f3 en tines d&#8217;acer inoxidable, envellit 24 mesos en b\u00f3tes de roure franc\u00e8s i 36 mesos en ampolla.<\/p>\n\n\n\n<p>Amb la resta dels vins guanyadors del tast de primavera de Mundus Vini, Mas Rod\u00f3 Reserva de la Propietat s&#8217;ha presentat a la fira del vi m\u00e9s gran del m\u00f3n, la ProWein de D\u00fcsseldorf, entre els dies 17 i 19 de mar\u00e7, a l&#8217;\u00e0rea de degustaci\u00f3 de Mundus Vini.<\/p>\n\n\n\n<p>Mundus Vini s&#8217;ha convertit en l&#8217;\u00faltima d\u00e8cada en una de les refer\u00e8ncies globals del sector vitivin\u00edcola. Celebra dues edicions anuals, on un jurat integrat per en\u00f2legs, productors i distribu\u00efdors avalua els vins mitjan\u00e7ant el sistema de 100 punts de la Organitzaci\u00f3 Internacional de la Vinya i el Vi.<\/p>\n","protected":false},"excerpt":{"rendered":"<p>El vi Mas Rod\u00f3 Reserva de la Propietat 2010 va obtenir una de les medalles d&#8217;or atorgades pel jurat de Mundus Vini en el tast de primavera 2019. Durant 6<br class=\"read-more-spacer\"> <a class=\"more-link\" href=\"https:\/\/www.masrodo.com\/ca\/mas-rodo-reserva-de-la-propiedad-brilla-en-mundus-vini-2019\/\">Read More<\/a><\/p>\n","protected":false},"author":1,"featured_media":5341,"comment_status":"open","ping_status":"open","sticky":false,"template":"","format":"standard","meta":{"footnotes":""},"categories":[25],"tags":[],"acf":[],"_links":{"self":[{"href":"https:\/\/www.masrodo.com\/ca\/wp-json\/wp\/v2\/posts\/10382"}],"collection":[{"href":"https:\/\/www.masrodo.com\/ca\/wp-json\/wp\/v2\/posts"}],"about":[{"href":"https:\/\/www.masrodo.com\/ca\/wp-json\/wp\/v2\/types\/post"}],"author":[{"embeddable":true,"href":"https:\/\/www.masrodo.com\/ca\/wp-json\/wp\/v2\/users\/1"}],"replies":[{"embeddable":true,"href":"https:\/\/www.masrodo.com\/ca\/wp-json\/wp\/v2\/comments?post=10382"}],"version-history":[{"count":1,"href":"https:\/\/www.masrodo.com\/ca\/wp-json\/wp\/v2\/posts\/10382\/revisions"}],"predecessor-version":[{"id":10477,"href":"https:\/\/www.masrodo.com\/ca\/wp-json\/wp\/v2\/posts\/10382\/revisions\/10477"}],"wp:featuredmedia":[{"embeddable":true,"href":"https:\/\/www.masrodo.com\/ca\/wp-json\/wp\/v2\/media\/5341"}],"wp:attachment":[{"href":"https:\/\/www.masrodo.com\/ca\/wp-json\/wp\/v2\/media?parent=10382"}],"wp:term":[{"taxonomy":"category","embeddable":true,"href":"https:\/\/www.masrodo.com\/ca\/wp-json\/wp\/v2\/categories?post=10382"},{"taxonomy":"post_tag","embeddable":true,"href":"https:\/\/www.masrodo.com\/ca\/wp-json\/wp\/v2\/tags?post=10382"}],"curies":[{"name":"wp","href":"https:\/\/api.w.org\/{rel}","templated":true}]}}